{"id":233,"date":"2008-01-17T21:10:38","date_gmt":"2008-01-17T20:10:38","guid":{"rendered":"http:\/\/www.andresbergamini.it\/wp\/buttiamo-un-occhio-alla-settimana-passata-307.html"},"modified":"2020-08-20T16:46:55","modified_gmt":"2020-08-20T15:46:55","slug":"buttiamo-un-occhio-alla-settimana-passata-307","status":"publish","type":"post","link":"https:\/\/www.andresbergamini.it\/wp\/buttiamo-un-occhio-alla-settimana-passata-307.html","title":{"rendered":"Buttiamo un occhio alla settimana passata!"},"content":{"rendered":"<div align=\"center\"><img loading=\"lazy\" decoding=\"async\" src=\"\/public\/image\/2008\/01\/13gennaio08\/occhio-pietro.JPG\" alt=\"\" width=\"500\" height=\"404\" \/><\/div>\n<div align=\"center\"><\/div>\n<div align=\"left\">Dacch\u00e8 sono tornato ho avuto pochissimo spazio per il blog. Sigh! I soliti impegni: patriarchi, suore, lezione alle bambine ritornate dalle vacanze, studio dell&#8217;arabo (pi\u00f9 vigoroso dopo l&#8217;esaltante esperienza egiziana!). Ma ho raccolto qualche immagine qua e l\u00e0 soprattutto dei momenti di svago.<\/div>\n<div align=\"left\"><strong>Sabato <\/strong>12 gennaio<strong> gita <\/strong>con la Raia in una localit\u00e0 proposta dal mitico diacono: <a href=\"http:\/\/fr.wikipedia.org\/wiki\/Gezer\" target=\"_blank\" rel=\"noopener noreferrer\">Tel Ghezer<\/a>, una collinetta nella pianura tra Jaffa e Latrun che racchiude le rovine dell&#8217;antichissima Ghezer, citata spesso nella Bibbia. Vicino al Tel c&#8217;\u00e8 un <strong>kibbuz <\/strong>dove ha abitato anche la mamma della Raia nei lontani 1942-48. La cosa incredibile \u00e8 che la Raia stessa <em>non <\/em>c&#8217;era mai stata!<\/div>\n<div align=\"center\"><img decoding=\"async\" src=\"\/public\/image\/2008\/01\/13gennaio08\/arukatboker.JPG\" alt=\"\" vspace=\"5\" \/><\/div>\n<div align=\"center\">Ovviamente si comincia con una <em>colazione<\/em><\/div>\n<div align=\"center\"><img loading=\"lazy\" decoding=\"async\" src=\"\/public\/image\/2008\/01\/13gennaio08\/panorama.JPG\" alt=\"\" width=\"500\" height=\"143\" vspace=\"3\" \/><\/div>\n<div align=\"center\">pianura. sullo sfondo tel aviv<\/div>\n<div align=\"center\"><img loading=\"lazy\" decoding=\"async\" src=\"\/public\/image\/2008\/01\/13gennaio08\/rovine-raiasotto.JPG\" alt=\"\" width=\"500\" height=\"317\" vspace=\"5\" \/><\/div>\n<div align=\"center\">La forza delle antiche ebree dei kibbuz<\/div>\n<div align=\"center\"><img decoding=\"async\" src=\"\/public\/image\/2008\/01\/13gennaio08\/rovine-testaabuna.JPG\" alt=\"\" vspace=\"5\" \/><\/div>\n<div align=\"center\">Vedete l&#8217;Abuna?<\/div>\n<div align=\"center\"><img decoding=\"async\" src=\"\/public\/image\/2008\/01\/13gennaio08\/menir-pape.JPG\" alt=\"\" vspace=\"5\" \/><\/div>\n<div align=\"center\">misteriosi menir liturgici<\/div>\n<div align=\"left\">Lorenzo conosceva il posto perch\u00e8 \u00e8 vicino al <strong>carcere <\/strong>di Ramleh, dove accompagna le suore per le visite ai detenuti. C&#8217;\u00e8 anche un giardino curato da un tipo che si chiama <strong>Juma<\/strong>, chiacchierone, ora grande amico del diacono il quale, in nome dell&#8217;amicizia e approfittando che di sabato Juma non lavora si \u00e8 servito da solo:<\/div>\n<div align=\"center\"><img decoding=\"async\" src=\"\/public\/image\/2008\/01\/13gennaio08\/furto-arance.JPG\" alt=\"\" vspace=\"5\" \/><\/div>\n<div align=\"left\">La domenica 13 \u00e8 stata all&#8217;insegna di <strong>Abba Orfeo<\/strong>, il prete romagnolo che ha fondato comunit\u00e0 <strong>Piccola Famiglia della Resurrezione<\/strong> di Valleripa (sigla non ufficiale<em> PFR <\/em>o <em>orfei<\/em>). Una persona straordinaria! Una carica liturgica, fraterna, comunicativa eccezionale che ci ha coinvolto per la <strong>messa <\/strong>del Battesimo del Signore al cenacolino e il <strong>pranzo <\/strong>insieme nella loro casa del monte degli Ulivi:<\/div>\n<div align=\"center\"><img loading=\"lazy\" decoding=\"async\" src=\"\/public\/image\/2008\/01\/13gennaio08\/orfeo-celebra-cenacolino.JPG\" alt=\"\" width=\"500\" height=\"235\" vspace=\"5\" \/><\/div>\n<div align=\"center\"><img loading=\"lazy\" decoding=\"async\" src=\"\/public\/image\/2008\/01\/13gennaio08\/ditonellocchio.JPG\" alt=\"\" width=\"500\" height=\"202\" vspace=\"5\" \/><br \/>\nocchio al ditone dell&#8217;abuna!!!<\/div>\n<div align=\"center\"><img decoding=\"async\" src=\"\/public\/image\/2008\/01\/13gennaio08\/cappelloni-terrazza.JPG\" alt=\"\" vspace=\"5\" \/><\/div>\n<div align=\"left\">Alla sera sono andato ad un concerto di musica! La prof. Yael di arabo ha distribuito i biglietti per la Arab-Jewish Youth Orchestra ai suoi studenti prediletti! I giovani artisti sono arabi ed ebrei. Musica molta bella anche per un profano come me!<\/div>\n<div align=\"center\"><img decoding=\"async\" src=\"\/public\/image\/2008\/01\/13gennaio08\/concerto-archi.JPG\" alt=\"\" vspace=\"5\" \/><\/div>\n<div align=\"center\">Il direttore e compositore di alcuni pezzi Wissam Gibran<\/div>\n<div align=\"center\"><img decoding=\"async\" src=\"\/public\/image\/2008\/01\/13gennaio08\/concerto-ud.JPG\" alt=\"\" vspace=\"5\" \/><\/div>\n<div align=\"center\">Suonano l&#8217;<a href=\"http:\/\/it.wikipedia.org\/wiki\/Ud_%28strumento_musicale%29\">ud<\/a><\/div>\n<div align=\"left\">Non ho fotografie delle tre giornate passate nella biblioteca dell&#8217;universit\u00e0 n\u00e8 nel simpatico ufficio del patriarcato dove protagonista \u00e8 stato il cardinal Foley, gran maestro dei generosissimi cavalieri del Santo Sepolcro (sono 20.000 nel mondo), in visita ufficiale in Terra Santa. Stamattina ho invece scattato questa nelle due ore di attesa all&#8217;ufficio patenti israeliane:<\/div>\n<div align=\"center\"><img loading=\"lazy\" decoding=\"async\" src=\"\/public\/image\/2008\/01\/uffcio-patente.jpg\" alt=\"\" width=\"500\" height=\"225\" vspace=\"5\" \/><\/div>\n<div align=\"left\"><\/div>\n","protected":false},"excerpt":{"rendered":"<p>Dacch\u00e8 sono tornato ho avuto pochissimo spazio per il blog. Sigh! I soliti impegni: patriarchi, suore, lezione alle bambine ritornate dalle vacanze, studio dell&#8217;arabo (pi\u00f9 vigoroso dopo l&#8217;esaltante esperienza egiziana!). Ma ho raccolto qualche immagine qua e l\u00e0 soprattutto dei &hellip; <a href=\"https:\/\/www.andresbergamini.it\/wp\/buttiamo-un-occhio-alla-settimana-passata-307.html\">Continua a leggere<span class=\"meta-nav\">&rarr;<\/span><\/a><\/p>\n","protected":false},"author":1,"featured_media":8055,"comment_status":"open","ping_status":"open","sticky":false,"template":"","format":"standard","meta":{"_jetpack_memberships_contains_paid_content":false,"footnotes":"","jetpack_publicize_message":"","jetpack_publicize_feature_enabled":true,"jetpack_social_post_already_shared":false,"jetpack_social_options":{"image_generator_settings":{"template":"highway","default_image_id":0,"font":"","enabled":false},"version":2}},"categories":[121],"tags":[6],"class_list":["post-233","post","type-post","status-publish","format-standard","has-post-thumbnail","hentry","category-spiccioli-di-vita-in-terra-santa","tag-strisce"],"views":1487,"jetpack_publicize_connections":[],"jetpack_featured_media_url":"https:\/\/i0.wp.com\/www.andresbergamini.it\/wp\/wp-content\/uploads\/2008\/01\/occhio-pietro-e1597938397301.jpeg?fit=496%2C372&ssl=1","jetpack_shortlink":"https:\/\/wp.me\/p2OGUL-3L","jetpack_sharing_enabled":true,"_links":{"self":[{"href":"https:\/\/www.andresbergamini.it\/wp\/wp-json\/wp\/v2\/posts\/233","targetHints":{"allow":["GET"]}}],"collection":[{"href":"https:\/\/www.andresbergamini.it\/wp\/wp-json\/wp\/v2\/posts"}],"about":[{"href":"https:\/\/www.andresbergamini.it\/wp\/wp-json\/wp\/v2\/types\/post"}],"author":[{"embeddable":true,"href":"https:\/\/www.andresbergamini.it\/wp\/wp-json\/wp\/v2\/users\/1"}],"replies":[{"embeddable":true,"href":"https:\/\/www.andresbergamini.it\/wp\/wp-json\/wp\/v2\/comments?post=233"}],"version-history":[{"count":1,"href":"https:\/\/www.andresbergamini.it\/wp\/wp-json\/wp\/v2\/posts\/233\/revisions"}],"predecessor-version":[{"id":8056,"href":"https:\/\/www.andresbergamini.it\/wp\/wp-json\/wp\/v2\/posts\/233\/revisions\/8056"}],"wp:featuredmedia":[{"embeddable":true,"href":"https:\/\/www.andresbergamini.it\/wp\/wp-json\/wp\/v2\/media\/8055"}],"wp:attachment":[{"href":"https:\/\/www.andresbergamini.it\/wp\/wp-json\/wp\/v2\/media?parent=233"}],"wp:term":[{"taxonomy":"category","embeddable":true,"href":"https:\/\/www.andresbergamini.it\/wp\/wp-json\/wp\/v2\/categories?post=233"},{"taxonomy":"post_tag","embeddable":true,"href":"https:\/\/www.andresbergamini.it\/wp\/wp-json\/wp\/v2\/tags?post=233"}],"curies":[{"name":"wp","href":"https:\/\/api.w.org\/{rel}","templated":true}]}}